{"id":13693,"date":"2025-08-23T08:38:40","date_gmt":"2025-08-23T07:38:40","guid":{"rendered":"https:\/\/www.goudenkruisdragers.nl\/wp\/?p=13693"},"modified":"2025-08-23T08:41:27","modified_gmt":"2025-08-23T07:41:27","slug":"reunie-en-powered-by-gkd-tocht-in-ginneken-27-september","status":"publish","type":"post","link":"https:\/\/www.goudenkruisdragers.nl\/wp\/de\/2025\/08\/23\/reunie-en-powered-by-gkd-tocht-in-ginneken-27-september\/","title":{"rendered":"Re\u00fcnie en powered by GKD-tocht in Ginneken 27 september"},"content":{"rendered":"<div class=\"html-div xdj266r x14z9mp xat24cr x1lziwak xexx8yu xyri2b x18d9i69 x1c1uobl\" tabindex=\"-1\">\n<div class=\"html-div xdj266r x14z9mp x1lziwak xexx8yu xyri2b x18d9i69 x1c1uobl x1e56ztr\"><span class=\"x193iq5w xeuugli x13faqbe x1vvkbs x1xmvt09 x6prxxf xvq8zen xo1l8bm xzsf02u\">De re\u00fcnie wordt dit jaar wederom gehouden in combinatie met een Powered by wandeltocht. <\/span>De wandeltocht en de re\u00fcnie zullen plaatsvinden op zaterdag 27 september 2025 in Breda.<\/div>\n<\/div>\n<div><\/div>\n<div><strong>Re<span class=\"x193iq5w xeuugli x13faqbe x1vvkbs x1xmvt09 x6prxxf xvq8zen xo1l8bm xzsf02u\">\u00fcnieprogramma<\/span><\/strong><\/div>\n<div class=\"html-div xdj266r x14z9mp xat24cr x1lziwak xexx8yu xyri2b x18d9i69 x1c1uobl\" tabindex=\"-1\">\n<div class=\"html-div xdj266r x14z9mp x1lziwak xexx8yu xyri2b x18d9i69 x1c1uobl x1e56ztr\"><\/div>\n<\/div>\n<div class=\"html-div xdj266r x14z9mp xat24cr x1lziwak xexx8yu xyri2b x18d9i69 x1c1uobl\" tabindex=\"-1\">\n<div class=\"html-div xdj266r x14z9mp x1lziwak xexx8yu xyri2b x18d9i69 x1c1uobl x1e56ztr\"><span class=\"x193iq5w xeuugli x13faqbe x1vvkbs x1xmvt09 x6prxxf xvq8zen xo1l8bm xzsf02u\">De re\u00fcnie zal dit jaar een bezoek brengen aan Breda. In het zuiden van Breda ligt de wijk Ginneken. Tot 1942 was Ginneken, in het plaatselijk spraakgebruik\u00a0<span class=\"html-span xdj266r x14z9mp xat24cr x1lziwak xexx8yu xyri2b x18d9i69 x1c1uobl x1hl2dhg x16tdsg8 x1vvkbs\"><em class=\"html-em xdj266r x14z9mp xat24cr x1lziwak xexx8yu xyri2b x18d9i69 x1c1uobl x1hl2dhg x16tdsg8 x1vvkbs\">\u2019t Ginneke<\/em><\/span>\u2019 genoemd, een afzonderlijk dorp. Het ligt dichtbij het Mastbos en het Markdal.<\/span><\/div>\n<\/div>\n<div class=\"html-div xdj266r x14z9mp xat24cr x1lziwak xexx8yu xyri2b x18d9i69 x1c1uobl\" tabindex=\"-1\">\n<div class=\"html-div xdj266r x14z9mp x1lziwak xexx8yu xyri2b x18d9i69 x1c1uobl x1e56ztr\"><\/div>\n<\/div>\n<div class=\"html-div xdj266r x14z9mp xat24cr x1lziwak xexx8yu xyri2b x18d9i69 x1c1uobl\" tabindex=\"-1\">\n<div class=\"html-div xdj266r x14z9mp x1lziwak xexx8yu xyri2b x18d9i69 x1c1uobl x1e56ztr\"><span class=\"x193iq5w xeuugli x13faqbe x1vvkbs x1xmvt09 x6prxxf xvq8zen xo1l8bm xzsf02u\">De dag begint met ontvangst met koffie en iets lekkers. Tot aan de lunch is het een gezellig samenzijn, of u bekijkt op eigen gelegenheid even wat Ginneken u te bieden heeft. Na de lunch worden we opgehaald door een gids die ons rond zal leiden door Ginneken, waarbij niet alleen de geschiedenis van Ginneken, maar ook de geschiedenis van Breda aan bod zal komen. Aan het eind van de middag gaan we terug naar ons beginpunt, waar we afsluiten met een drankje. Hier worden ook de lustrumbeloningen uitgereikt.<\/span><\/div>\n<\/div>\n<div class=\"html-div xdj266r x14z9mp xat24cr x1lziwak xexx8yu xyri2b x18d9i69 x1c1uobl\" tabindex=\"-1\">\n<div class=\"html-div xdj266r x14z9mp x1lziwak xexx8yu xyri2b x18d9i69 x1c1uobl x1e56ztr\"><\/div>\n<\/div>\n<div class=\"html-div xdj266r x14z9mp xat24cr x1lziwak xexx8yu xyri2b x18d9i69 x1c1uobl\" tabindex=\"-1\">\n<div class=\"html-div xdj266r x14z9mp x1lziwak xexx8yu xyri2b x18d9i69 x1c1uobl x1e56ztr\"><span class=\"x193iq5w xeuugli x13faqbe x1vvkbs x1xmvt09 x6prxxf xvq8zen xo1l8bm xzsf02u\">Het programma ziet er als volgt uit (tijden kunnen nog iets wijzigen):<\/span><\/div>\n<\/div>\n<div class=\"html-div xdj266r x14z9mp xat24cr x1lziwak xexx8yu xyri2b x18d9i69 x1c1uobl\" tabindex=\"-1\">\n<div class=\"html-div xdj266r x14z9mp x1lziwak xexx8yu xyri2b x18d9i69 x1c1uobl x1e56ztr\"><span class=\"x193iq5w xeuugli x13faqbe x1vvkbs x1xmvt09 x6prxxf xvq8zen xo1l8bm xzsf02u\">10.30 ontvangst met koffie en appeltaart of een Brabants worstenbroodje bij Boerke Verschuren.<\/span><\/div>\n<\/div>\n<div class=\"html-div xdj266r x14z9mp xat24cr x1lziwak xexx8yu xyri2b x18d9i69 x1c1uobl\" tabindex=\"-1\">\n<div class=\"html-div xdj266r x14z9mp x1lziwak xexx8yu xyri2b x18d9i69 x1c1uobl x1e56ztr\"><span class=\"x193iq5w xeuugli x13faqbe x1vvkbs x1xmvt09 x6prxxf xvq8zen xo1l8bm xzsf02u\">12.30 lunch bij Boerke Verschuren<\/span><\/div>\n<\/div>\n<div class=\"html-div xdj266r x14z9mp xat24cr x1lziwak xexx8yu xyri2b x18d9i69 x1c1uobl\" tabindex=\"-1\">\n<div class=\"html-div xdj266r x14z9mp x1lziwak xexx8yu xyri2b x18d9i69 x1c1uobl x1e56ztr\"><span class=\"x193iq5w xeuugli x13faqbe x1vvkbs x1xmvt09 x6prxxf xvq8zen xo1l8bm xzsf02u\">13.30 begin rondleiding \u2019t Ginneke door stadsgids<\/span><\/div>\n<\/div>\n<div class=\"html-div xdj266r x14z9mp xat24cr x1lziwak xexx8yu xyri2b x18d9i69 x1c1uobl\" tabindex=\"-1\">\n<div class=\"html-div xdj266r x14z9mp x1lziwak xexx8yu xyri2b x18d9i69 x1c1uobl x1e56ztr\"><span class=\"x193iq5w xeuugli x13faqbe x1vvkbs x1xmvt09 x6prxxf xvq8zen xo1l8bm xzsf02u\">15.30 einde rondleiding<\/span><\/div>\n<\/div>\n<div class=\"html-div xdj266r x14z9mp xat24cr x1lziwak xexx8yu xyri2b x18d9i69 x1c1uobl\" tabindex=\"-1\">\n<div class=\"html-div xdj266r x14z9mp x1lziwak xexx8yu xyri2b x18d9i69 x1c1uobl x1e56ztr\"><span class=\"x193iq5w xeuugli x13faqbe x1vvkbs x1xmvt09 x6prxxf xvq8zen xo1l8bm xzsf02u\">16.00 afsluitende borrel met uitreiking lustrumbeloningen<\/span><\/div>\n<\/div>\n<div class=\"html-div xdj266r x14z9mp xat24cr x1lziwak xexx8yu xyri2b x18d9i69 x1c1uobl\" tabindex=\"-1\">\n<div class=\"html-div xdj266r x14z9mp x1lziwak xexx8yu xyri2b x18d9i69 x1c1uobl x1e56ztr\"><span class=\"x193iq5w xeuugli x13faqbe x1vvkbs x1xmvt09 x6prxxf xvq8zen xo1l8bm xzsf02u\">17.30 einde<\/span><\/div>\n<\/div>\n<div class=\"html-div xdj266r x14z9mp xat24cr x1lziwak xexx8yu xyri2b x18d9i69 x1c1uobl\" tabindex=\"-1\">\n<div class=\"html-div xdj266r x14z9mp x1lziwak xexx8yu xyri2b x18d9i69 x1c1uobl x1e56ztr\"><\/div>\n<\/div>\n<div class=\"html-div xdj266r x14z9mp xat24cr x1lziwak xexx8yu xyri2b x18d9i69 x1c1uobl\" tabindex=\"-1\">\n<div class=\"html-div xdj266r x14z9mp x1lziwak xexx8yu xyri2b x18d9i69 x1c1uobl x1e56ztr\"><span class=\"x193iq5w xeuugli x13faqbe x1vvkbs x1xmvt09 x6prxxf xvq8zen xo1l8bm xzsf02u\">De kosten voor deelname aan deze re\u00fcnie bedragen \u20ac 29,50 per persoon voor leden van onze vereniging. Eventuele introducees betalen \u20ac 39,50.<\/span><\/div>\n<\/div>\n<div class=\"html-div xdj266r x14z9mp xat24cr x1lziwak xexx8yu xyri2b x18d9i69 x1c1uobl\" tabindex=\"-1\">\n<div class=\"html-div xdj266r x14z9mp x1lziwak xexx8yu xyri2b x18d9i69 x1c1uobl x1e56ztr\"><span class=\"x193iq5w xeuugli x13faqbe x1vvkbs x1xmvt09 x6prxxf xvq8zen xo1l8bm xzsf02u\">Inschrijven kan door\u00a0<span class=\"html-span xdj266r x14z9mp xat24cr x1lziwak xexx8yu xyri2b x18d9i69 x1c1uobl x1hl2dhg x16tdsg8 x1vvkbs\"><u class=\"html-u\"><em class=\"html-em xdj266r x14z9mp xat24cr x1lziwak xexx8yu xyri2b x18d9i69 x1c1uobl x1hl2dhg x16tdsg8 x1vvkbs x1j61x8r\">uiterlijk 20 september<\/em><\/u><\/span>\u00a0een mail te sturen naar rino.hamelink@goudenkruisdragers.nl (met naam, geboortedatum en woonplaats\u00a0<span class=\"html-span xdj266r x14z9mp xat24cr x1lziwak xexx8yu xyri2b x18d9i69 x1c1uobl x1hl2dhg x16tdsg8 x1vvkbs\"><u class=\"html-u\"><em class=\"html-em xdj266r x14z9mp xat24cr x1lziwak xexx8yu xyri2b x18d9i69 x1c1uobl x1hl2dhg x16tdsg8 x1vvkbs x1j61x8r\">\u00e9n de vermelding als u voor een lustrumbeloning in aanmerking komt<\/em><\/u><\/span>) en gelijktijdige overboeking van het verschuldigde bedrag op bankrekeningnummer NL70 INGB 0000 3757 02 tnv Vereniging Gouden-Kruisdragers Vierdaagse ovv re\u00fcnie en de na(a)m(en) van de deelnemer(s).<\/span><\/div>\n<\/div>\n<div><\/div>\n<div>\n\n\t\t<style type=\"text\/css\">\n\t\t\t#gallery-1 {\n\t\t\t\tmargin: auto;\n\t\t\t}\n\t\t\t#gallery-1 .gallery-item {\n\t\t\t\tfloat: left;\n\t\t\t\tmargin-top: 10px;\n\t\t\t\ttext-align: center;\n\t\t\t\twidth: 33%;\n\t\t\t}\n\t\t\t#gallery-1 img {\n\t\t\t\tborder: 2px solid #cfcfcf;\n\t\t\t}\n\t\t\t#gallery-1 .gallery-caption {\n\t\t\t\tmargin-left: 0;\n\t\t\t}\n\t\t\t\/* see gallery_shortcode() in wp-includes\/media.php *\/\n\t\t<\/style>\n\t\t<div id='gallery-1' class='gallery galleryid-13693 gallery-columns-3 gallery-size-thumbnail'><dl class='gallery-item'>\n\t\t\t<dt class='gallery-icon landscape'>\n\t\t\t\t<a href='https:\/\/www.goudenkruisdragers.nl\/wp\/de\/20231007_144012\/'><img loading=\"lazy\" decoding=\"async\" width=\"150\" height=\"150\" src=\"https:\/\/www.goudenkruisdragers.nl\/wp\/wp-content\/uploads\/2025\/08\/20231007_144012-150x150.jpg\" class=\"attachment-thumbnail size-thumbnail\" alt=\"\" srcset=\"https:\/\/www.goudenkruisdragers.nl\/wp\/wp-content\/uploads\/2025\/08\/20231007_144012-150x150.jpg 150w, https:\/\/www.goudenkruisdragers.nl\/wp\/wp-content\/uploads\/2025\/08\/20231007_144012-100x100.jpg 100w, https:\/\/www.goudenkruisdragers.nl\/wp\/wp-content\/uploads\/2025\/08\/20231007_144012-140x140.jpg 140w, https:\/\/www.goudenkruisdragers.nl\/wp\/wp-content\/uploads\/2025\/08\/20231007_144012-500x500.jpg 500w, https:\/\/www.goudenkruisdragers.nl\/wp\/wp-content\/uploads\/2025\/08\/20231007_144012-350x350.jpg 350w, https:\/\/www.goudenkruisdragers.nl\/wp\/wp-content\/uploads\/2025\/08\/20231007_144012-1000x1000.jpg 1000w, https:\/\/www.goudenkruisdragers.nl\/wp\/wp-content\/uploads\/2025\/08\/20231007_144012-800x800.jpg 800w\" sizes=\"auto, (max-width: 150px) 100vw, 150px\" \/><\/a>\n\t\t\t<\/dt><\/dl><dl class='gallery-item'>\n\t\t\t<dt class='gallery-icon landscape'>\n\t\t\t\t<a href='https:\/\/www.goudenkruisdragers.nl\/wp\/de\/20231007_135104\/'><img loading=\"lazy\" decoding=\"async\" width=\"150\" height=\"150\" src=\"https:\/\/www.goudenkruisdragers.nl\/wp\/wp-content\/uploads\/2025\/08\/20231007_135104-150x150.jpg\" class=\"attachment-thumbnail size-thumbnail\" alt=\"\" srcset=\"https:\/\/www.goudenkruisdragers.nl\/wp\/wp-content\/uploads\/2025\/08\/20231007_135104-150x150.jpg 150w, https:\/\/www.goudenkruisdragers.nl\/wp\/wp-content\/uploads\/2025\/08\/20231007_135104-100x100.jpg 100w, https:\/\/www.goudenkruisdragers.nl\/wp\/wp-content\/uploads\/2025\/08\/20231007_135104-140x140.jpg 140w, https:\/\/www.goudenkruisdragers.nl\/wp\/wp-content\/uploads\/2025\/08\/20231007_135104-500x500.jpg 500w, https:\/\/www.goudenkruisdragers.nl\/wp\/wp-content\/uploads\/2025\/08\/20231007_135104-350x350.jpg 350w, https:\/\/www.goudenkruisdragers.nl\/wp\/wp-content\/uploads\/2025\/08\/20231007_135104-1000x1000.jpg 1000w, https:\/\/www.goudenkruisdragers.nl\/wp\/wp-content\/uploads\/2025\/08\/20231007_135104-800x800.jpg 800w\" sizes=\"auto, (max-width: 150px) 100vw, 150px\" \/><\/a>\n\t\t\t<\/dt><\/dl><dl class='gallery-item'>\n\t\t\t<dt class='gallery-icon landscape'>\n\t\t\t\t<a href='https:\/\/www.goudenkruisdragers.nl\/wp\/de\/20231007_132150\/'><img loading=\"lazy\" decoding=\"async\" width=\"150\" height=\"150\" src=\"https:\/\/www.goudenkruisdragers.nl\/wp\/wp-content\/uploads\/2025\/08\/20231007_132150-150x150.jpg\" class=\"attachment-thumbnail size-thumbnail\" alt=\"\" srcset=\"https:\/\/www.goudenkruisdragers.nl\/wp\/wp-content\/uploads\/2025\/08\/20231007_132150-150x150.jpg 150w, https:\/\/www.goudenkruisdragers.nl\/wp\/wp-content\/uploads\/2025\/08\/20231007_132150-100x100.jpg 100w, https:\/\/www.goudenkruisdragers.nl\/wp\/wp-content\/uploads\/2025\/08\/20231007_132150-140x140.jpg 140w, https:\/\/www.goudenkruisdragers.nl\/wp\/wp-content\/uploads\/2025\/08\/20231007_132150-500x500.jpg 500w, https:\/\/www.goudenkruisdragers.nl\/wp\/wp-content\/uploads\/2025\/08\/20231007_132150-350x350.jpg 350w, https:\/\/www.goudenkruisdragers.nl\/wp\/wp-content\/uploads\/2025\/08\/20231007_132150-1000x1000.jpg 1000w, https:\/\/www.goudenkruisdragers.nl\/wp\/wp-content\/uploads\/2025\/08\/20231007_132150-800x800.jpg 800w\" sizes=\"auto, (max-width: 150px) 100vw, 150px\" \/><\/a>\n\t\t\t<\/dt><\/dl><br style=\"clear: both\" \/><dl class='gallery-item'>\n\t\t\t<dt class='gallery-icon landscape'>\n\t\t\t\t<a href='https:\/\/www.goudenkruisdragers.nl\/wp\/de\/20231007_100801\/'><img loading=\"lazy\" decoding=\"async\" width=\"150\" height=\"150\" src=\"https:\/\/www.goudenkruisdragers.nl\/wp\/wp-content\/uploads\/2025\/08\/20231007_100801-150x150.jpg\" class=\"attachment-thumbnail size-thumbnail\" alt=\"\" srcset=\"https:\/\/www.goudenkruisdragers.nl\/wp\/wp-content\/uploads\/2025\/08\/20231007_100801-150x150.jpg 150w, https:\/\/www.goudenkruisdragers.nl\/wp\/wp-content\/uploads\/2025\/08\/20231007_100801-100x100.jpg 100w, https:\/\/www.goudenkruisdragers.nl\/wp\/wp-content\/uploads\/2025\/08\/20231007_100801-140x140.jpg 140w, https:\/\/www.goudenkruisdragers.nl\/wp\/wp-content\/uploads\/2025\/08\/20231007_100801-500x500.jpg 500w, https:\/\/www.goudenkruisdragers.nl\/wp\/wp-content\/uploads\/2025\/08\/20231007_100801-350x350.jpg 350w, https:\/\/www.goudenkruisdragers.nl\/wp\/wp-content\/uploads\/2025\/08\/20231007_100801-1000x1000.jpg 1000w, https:\/\/www.goudenkruisdragers.nl\/wp\/wp-content\/uploads\/2025\/08\/20231007_100801-800x800.jpg 800w\" sizes=\"auto, (max-width: 150px) 100vw, 150px\" \/><\/a>\n\t\t\t<\/dt><\/dl><dl class='gallery-item'>\n\t\t\t<dt class='gallery-icon landscape'>\n\t\t\t\t<a href='https:\/\/www.goudenkruisdragers.nl\/wp\/de\/20231007_093424\/'><img loading=\"lazy\" decoding=\"async\" width=\"150\" height=\"150\" src=\"https:\/\/www.goudenkruisdragers.nl\/wp\/wp-content\/uploads\/2025\/08\/20231007_093424-150x150.jpg\" class=\"attachment-thumbnail size-thumbnail\" alt=\"\" srcset=\"https:\/\/www.goudenkruisdragers.nl\/wp\/wp-content\/uploads\/2025\/08\/20231007_093424-150x150.jpg 150w, https:\/\/www.goudenkruisdragers.nl\/wp\/wp-content\/uploads\/2025\/08\/20231007_093424-100x100.jpg 100w, https:\/\/www.goudenkruisdragers.nl\/wp\/wp-content\/uploads\/2025\/08\/20231007_093424-140x140.jpg 140w, https:\/\/www.goudenkruisdragers.nl\/wp\/wp-content\/uploads\/2025\/08\/20231007_093424-500x500.jpg 500w, https:\/\/www.goudenkruisdragers.nl\/wp\/wp-content\/uploads\/2025\/08\/20231007_093424-350x350.jpg 350w, https:\/\/www.goudenkruisdragers.nl\/wp\/wp-content\/uploads\/2025\/08\/20231007_093424-1000x1000.jpg 1000w, https:\/\/www.goudenkruisdragers.nl\/wp\/wp-content\/uploads\/2025\/08\/20231007_093424-800x800.jpg 800w\" sizes=\"auto, (max-width: 150px) 100vw, 150px\" \/><\/a>\n\t\t\t<\/dt><\/dl><dl class='gallery-item'>\n\t\t\t<dt class='gallery-icon landscape'>\n\t\t\t\t<a href='https:\/\/www.goudenkruisdragers.nl\/wp\/de\/20231007_084025\/'><img loading=\"lazy\" decoding=\"async\" width=\"150\" height=\"150\" src=\"https:\/\/www.goudenkruisdragers.nl\/wp\/wp-content\/uploads\/2025\/08\/20231007_084025-150x150.jpg\" class=\"attachment-thumbnail size-thumbnail\" alt=\"\" srcset=\"https:\/\/www.goudenkruisdragers.nl\/wp\/wp-content\/uploads\/2025\/08\/20231007_084025-150x150.jpg 150w, https:\/\/www.goudenkruisdragers.nl\/wp\/wp-content\/uploads\/2025\/08\/20231007_084025-100x100.jpg 100w, https:\/\/www.goudenkruisdragers.nl\/wp\/wp-content\/uploads\/2025\/08\/20231007_084025-140x140.jpg 140w, https:\/\/www.goudenkruisdragers.nl\/wp\/wp-content\/uploads\/2025\/08\/20231007_084025-500x500.jpg 500w, https:\/\/www.goudenkruisdragers.nl\/wp\/wp-content\/uploads\/2025\/08\/20231007_084025-350x350.jpg 350w, https:\/\/www.goudenkruisdragers.nl\/wp\/wp-content\/uploads\/2025\/08\/20231007_084025-1000x1000.jpg 1000w, https:\/\/www.goudenkruisdragers.nl\/wp\/wp-content\/uploads\/2025\/08\/20231007_084025-800x800.jpg 800w\" sizes=\"auto, (max-width: 150px) 100vw, 150px\" \/><\/a>\n\t\t\t<\/dt><\/dl><br style=\"clear: both\" \/><dl class='gallery-item'>\n\t\t\t<dt class='gallery-icon landscape'>\n\t\t\t\t<a href='https:\/\/www.goudenkruisdragers.nl\/wp\/de\/20231007_081621\/'><img loading=\"lazy\" decoding=\"async\" width=\"150\" height=\"150\" src=\"https:\/\/www.goudenkruisdragers.nl\/wp\/wp-content\/uploads\/2025\/08\/20231007_081621-150x150.jpg\" class=\"attachment-thumbnail size-thumbnail\" alt=\"\" srcset=\"https:\/\/www.goudenkruisdragers.nl\/wp\/wp-content\/uploads\/2025\/08\/20231007_081621-150x150.jpg 150w, https:\/\/www.goudenkruisdragers.nl\/wp\/wp-content\/uploads\/2025\/08\/20231007_081621-100x100.jpg 100w, https:\/\/www.goudenkruisdragers.nl\/wp\/wp-content\/uploads\/2025\/08\/20231007_081621-140x140.jpg 140w, https:\/\/www.goudenkruisdragers.nl\/wp\/wp-content\/uploads\/2025\/08\/20231007_081621-500x500.jpg 500w, https:\/\/www.goudenkruisdragers.nl\/wp\/wp-content\/uploads\/2025\/08\/20231007_081621-350x350.jpg 350w, https:\/\/www.goudenkruisdragers.nl\/wp\/wp-content\/uploads\/2025\/08\/20231007_081621-1000x1000.jpg 1000w, https:\/\/www.goudenkruisdragers.nl\/wp\/wp-content\/uploads\/2025\/08\/20231007_081621-800x800.jpg 800w\" sizes=\"auto, (max-width: 150px) 100vw, 150px\" \/><\/a>\n\t\t\t<\/dt><\/dl><dl class='gallery-item'>\n\t\t\t<dt class='gallery-icon landscape'>\n\t\t\t\t<a href='https:\/\/www.goudenkruisdragers.nl\/wp\/de\/20231007_082721\/'><img loading=\"lazy\" decoding=\"async\" width=\"150\" height=\"150\" src=\"https:\/\/www.goudenkruisdragers.nl\/wp\/wp-content\/uploads\/2025\/08\/20231007_082721-150x150.jpg\" class=\"attachment-thumbnail size-thumbnail\" alt=\"\" srcset=\"https:\/\/www.goudenkruisdragers.nl\/wp\/wp-content\/uploads\/2025\/08\/20231007_082721-150x150.jpg 150w, https:\/\/www.goudenkruisdragers.nl\/wp\/wp-content\/uploads\/2025\/08\/20231007_082721-100x100.jpg 100w, https:\/\/www.goudenkruisdragers.nl\/wp\/wp-content\/uploads\/2025\/08\/20231007_082721-140x140.jpg 140w, https:\/\/www.goudenkruisdragers.nl\/wp\/wp-content\/uploads\/2025\/08\/20231007_082721-500x500.jpg 500w, https:\/\/www.goudenkruisdragers.nl\/wp\/wp-content\/uploads\/2025\/08\/20231007_082721-350x350.jpg 350w, https:\/\/www.goudenkruisdragers.nl\/wp\/wp-content\/uploads\/2025\/08\/20231007_082721-1000x1000.jpg 1000w, https:\/\/www.goudenkruisdragers.nl\/wp\/wp-content\/uploads\/2025\/08\/20231007_082721-800x800.jpg 800w\" sizes=\"auto, (max-width: 150px) 100vw, 150px\" \/><\/a>\n\t\t\t<\/dt><\/dl>\n\t\t\t<br style='clear: both' \/>\n\t\t<\/div>\n\n<\/div>\n<div><\/div>\n<div><strong>Powered by GKD-tocht<\/strong><\/div>\n<div><\/div>\n<div>\n<div class=\"html-div xdj266r x14z9mp xat24cr x1lziwak xexx8yu xyri2b x18d9i69 x1c1uobl\" tabindex=\"-1\">\n<div class=\"html-div xdj266r x14z9mp x1lziwak xexx8yu xyri2b x18d9i69 x1c1uobl x1e56ztr\"><span class=\"x193iq5w xeuugli x13faqbe x1vvkbs x1xmvt09 x6prxxf xvq8zen xo1l8bm xzsf02u\">De tweede Powered-by wandeltocht van 2025 is de Markdal wandeltocht in Breda. Deze wandeltocht in september wordt, zoals de laatste jaren gebruikelijk is, tegelijk georganiseerd met de re\u00fcnie en vindt dit jaar plaats in Ginneken (Breda).<\/span><\/div>\n<\/div>\n<div class=\"html-div xdj266r x14z9mp xat24cr x1lziwak xexx8yu xyri2b x18d9i69 x1c1uobl\" tabindex=\"-1\">\n<div class=\"html-div xdj266r x14z9mp x1lziwak xexx8yu xyri2b x18d9i69 x1c1uobl x1e56ztr\"><\/div>\n<\/div>\n<div class=\"html-div xdj266r x14z9mp xat24cr x1lziwak xexx8yu xyri2b x18d9i69 x1c1uobl\" tabindex=\"-1\">\n<div class=\"html-div xdj266r x14z9mp x1lziwak xexx8yu xyri2b x18d9i69 x1c1uobl x1e56ztr\"><span class=\"x193iq5w xeuugli x13faqbe x1vvkbs x1xmvt09 x6prxxf xvq8zen xo1l8bm xzsf02u\">De wandeltocht wordt georganiseerd door wandelsportvereniging W.I.E.G.O. (Wandelen Is Een Gezonde Ontspanning). Deze vereniging is opgericht op 6 oktober 1965 en bestaat dus de week na deze tocht al 60 jaar. W.I.E.G.O. organiseert ongeveer 10 wandeltochten per jaar.<\/span><\/div>\n<\/div>\n<div class=\"html-div xdj266r x14z9mp xat24cr x1lziwak xexx8yu xyri2b x18d9i69 x1c1uobl\" tabindex=\"-1\">\n<div class=\"html-div xdj266r x14z9mp x1lziwak xexx8yu xyri2b x18d9i69 x1c1uobl x1e56ztr\"><span class=\"x193iq5w xeuugli x13faqbe x1vvkbs x1xmvt09 x6prxxf xvq8zen xo1l8bm xzsf02u\">Deze tocht vertrekt vanuit het gebouw naast de Protestantse Kerk. Een goede uitvalsbasis om te wandelen in het Mastbos en het Markdal.<\/span><\/div>\n<\/div>\n<div class=\"html-div xdj266r x14z9mp xat24cr x1lziwak xexx8yu xyri2b x18d9i69 x1c1uobl\" tabindex=\"-1\">\n<div class=\"html-div xdj266r x14z9mp x1lziwak xexx8yu xyri2b x18d9i69 x1c1uobl x1e56ztr\"><\/div>\n<\/div>\n<div class=\"html-div xdj266r x14z9mp xat24cr x1lziwak xexx8yu xyri2b x18d9i69 x1c1uobl\" tabindex=\"-1\">\n<div class=\"html-div xdj266r x14z9mp x1lziwak xexx8yu xyri2b x18d9i69 x1c1uobl x1e56ztr\"><span class=\"x193iq5w xeuugli x13faqbe x1vvkbs x1xmvt09 x6prxxf xvq8zen xo1l8bm xzsf02u\">Deze vereniging staat er om bekend dat er veel natuur in hun tochten gebruikt wordt. Afhankelijk van de gekozen afstand gaat de route door het Mastbos en het Ulvenhoutsebos, door de villawijk Montenspark, langs het riviertje Aa of Weerijs, door de plaatsjes Effen en Ulvenhout, de natuurgebieden De Krabbenbossen en De Blauwe Kamer, over landgoed Anneville en langs de rivier De Mark.<\/span><\/div>\n<\/div>\n<div class=\"html-div xdj266r x14z9mp xat24cr x1lziwak xexx8yu xyri2b x18d9i69 x1c1uobl\" tabindex=\"-1\">\n<div class=\"html-div xdj266r x14z9mp x1lziwak xexx8yu xyri2b x18d9i69 x1c1uobl x1e56ztr\"><\/div>\n<\/div>\n<div class=\"html-div xdj266r x14z9mp xat24cr x1lziwak xexx8yu xyri2b x18d9i69 x1c1uobl\" tabindex=\"-1\">\n<div class=\"html-div xdj266r x14z9mp x1lziwak xexx8yu xyri2b x18d9i69 x1c1uobl x1e56ztr\"><span class=\"x193iq5w xeuugli x13faqbe x1vvkbs x1xmvt09 x6prxxf xvq8zen xo1l8bm xzsf02u\">Daarnaast, vanwege hun 60-jarig bestaan, is er deze keer ook de mogelijkheid om voor een 10 kilometer lange stadswandeling met informatiebeschrijving op papier naar en door het historisch centrum van Breda te kiezen. Dit is ook mogelijk in combinatie met de \u2018gewone\u2019 wandeling. Zo kan je bijvoorbeeld als je 20 kilometer wilt wandelen 20 km wandelen door de natuur, maar ook 10 km stadswandeling en 10 km natuur is mogelijk.<\/span><\/div>\n<\/div>\n<div class=\"html-div xdj266r x14z9mp xat24cr x1lziwak xexx8yu xyri2b x18d9i69 x1c1uobl\" tabindex=\"-1\">\n<div class=\"html-div xdj266r x14z9mp x1lziwak xexx8yu xyri2b x18d9i69 x1c1uobl x1e56ztr\"><\/div>\n<\/div>\n<div class=\"html-div xdj266r x14z9mp xat24cr x1lziwak xexx8yu xyri2b x18d9i69 x1c1uobl\" tabindex=\"-1\">\n<div class=\"html-div xdj266r x14z9mp x1lziwak xexx8yu xyri2b x18d9i69 x1c1uobl x1e56ztr\"><span class=\"x193iq5w xeuugli x13faqbe x1vvkbs x1xmvt09 x6prxxf xvq8zen xo1l8bm xzsf02u\">Er kan bij deze wandeltocht gekozen worden uit de afstanden 5, 10, 15, 20, 25, 30 en 40 km.<\/span><\/div>\n<\/div>\n<div class=\"html-div xdj266r x14z9mp xat24cr x1lziwak xexx8yu xyri2b x18d9i69 x1c1uobl\" tabindex=\"-1\">\n<div class=\"html-div xdj266r x14z9mp x1lziwak xexx8yu xyri2b x18d9i69 x1c1uobl x1e56ztr\"><\/div>\n<\/div>\n<div class=\"html-div xdj266r x14z9mp xat24cr x1lziwak xexx8yu xyri2b x18d9i69 x1c1uobl\" tabindex=\"-1\">\n<div class=\"html-div xdj266r x14z9mp x1lziwak xexx8yu xyri2b x18d9i69 x1c1uobl x1e56ztr\"><span class=\"x193iq5w xeuugli x13faqbe x1vvkbs x1xmvt09 x6prxxf xvq8zen xo1l8bm xzsf02u\">De kosten voor deelname aan deze Powered-by wandeltocht zijn gratis voor leden van onze vereniging. Inschrijven kan door\u00a0<span class=\"html-span xdj266r x14z9mp xat24cr x1lziwak xexx8yu xyri2b x18d9i69 x1c1uobl x1hl2dhg x16tdsg8 x1vvkbs\"><u class=\"html-u\"><em class=\"html-em xdj266r x14z9mp xat24cr x1lziwak xexx8yu xyri2b x18d9i69 x1c1uobl x1hl2dhg x16tdsg8 x1vvkbs x1j61x8r\">uiterlijk 20 september<\/em><\/u><\/span>\u00a0een mail te sturen naar rino.hamelink@goudenkruisdragers.nl (met naam, geboortedatum, woonplaats en de gekozen wandelafstand\u00a0<span class=\"html-span xdj266r x14z9mp xat24cr x1lziwak xexx8yu xyri2b x18d9i69 x1c1uobl x1hl2dhg x16tdsg8 x1vvkbs\"><u class=\"html-u\"><em class=\"html-em xdj266r x14z9mp xat24cr x1lziwak xexx8yu xyri2b x18d9i69 x1c1uobl x1hl2dhg x16tdsg8 x1vvkbs x1j61x8r\">\u00e9n de vermelding als u voor een lustrumbeloning in aanmerking komt<\/em><\/u><\/span>).<\/span><\/div>\n<\/div>\n<div class=\"html-div xdj266r x14z9mp xat24cr x1lziwak xexx8yu xyri2b x18d9i69 x1c1uobl\" tabindex=\"-1\">\n<div class=\"html-div xdj266r x14z9mp x1lziwak xexx8yu xyri2b x18d9i69 x1c1uobl x1e56ztr\"><span class=\"x193iq5w xeuugli x13faqbe x1vvkbs x1xmvt09 x6prxxf xvq8zen xo1l8bm xzsf02u\">De vereniging schrijft dan voor u in en maakt het inschrijfgeld over naar de organiserende wandelvereniging. Uiteraard is het bij deze tocht weer mogelijk om te stempelen op uw Powered-by stempelkaart. Deze zijn ook te verkrijgen op het startbureau van deze tocht.<\/span><\/div>\n<\/div>\n<div class=\"html-div xdj266r x14z9mp xat24cr x1lziwak xexx8yu xyri2b x18d9i69 x1c1uobl\" tabindex=\"-1\">\n<div class=\"html-div xdj266r x14z9mp x1lziwak xexx8yu xyri2b x18d9i69 x1c1uobl x1e56ztr\"><span class=\"x193iq5w xeuugli x13faqbe x1vvkbs x1xmvt09 x6prxxf xvq8zen xo1l8bm xzsf02u\">Eventuele medewandelaars dienen op de gewone manier (online voorinschrijven of op de dag zelf op het inschrijfbureau) in te schrijven.<\/span><\/div>\n<\/div>\n<div class=\"html-div xdj266r x14z9mp xat24cr x1lziwak xexx8yu xyri2b x18d9i69 x1c1uobl\" tabindex=\"-1\">\n<div class=\"html-div xdj266r x14z9mp x1lziwak xexx8yu xyri2b x18d9i69 x1c1uobl x1e56ztr\"><\/div>\n<\/div>\n<div class=\"html-div xdj266r x14z9mp xat24cr x1lziwak xexx8yu xyri2b x18d9i69 x1c1uobl\" tabindex=\"-1\">\n<div class=\"html-div xdj266r x14z9mp x1lziwak xexx8yu xyri2b x18d9i69 x1c1uobl x1e56ztr\"><span class=\"x193iq5w xeuugli x13faqbe x1vvkbs x1xmvt09 x6prxxf xvq8zen xo1l8bm xzsf02u\">Volgende Powered-by tocht is 2 november. Wij zijn dan te gast bij wandelvereniging Bargermarke in Emmen. Zij organiseren dan de Bargermarketocht en ook zij bestaan dan 60 jaar.<\/span><\/div>\n<\/div>\n<\/div>\n","protected":false},"excerpt":{"rendered":"<p>De re\u00fcnie wordt dit jaar wederom gehouden in combinatie met een Powered by wandeltocht. De wandeltocht en de re\u00fcnie zullen plaatsvinden op zaterdag 27 september 2025 in Breda. Re\u00fcnieprogramma De&#8230;<\/p>\n","protected":false},"author":7,"featured_media":0,"comment_status":"closed","ping_status":"closed","sticky":false,"template":"","format":"standard","meta":{"footnotes":""},"categories":[1],"tags":[],"class_list":{"0":"post-13693","1":"post","2":"type-post","3":"status-publish","4":"format-standard","6":"category-geen-categorie"},"translation":{"provider":"WPGlobus","version":"3.0.2","language":"de","enabled_languages":["nl","en","de"],"languages":{"nl":{"title":true,"content":true,"excerpt":false},"en":{"title":false,"content":false,"excerpt":false},"de":{"title":false,"content":false,"excerpt":false}}},"yoast_head":"<!-- This site is optimized with the Yoast SEO plugin v27.5 - https:\/\/yoast.com\/product\/yoast-seo-wordpress\/ -->\n<title>Re\u00fcnie en powered by GKD-tocht in Ginneken 27 september - Vereniging Gouden-Kruisdragers Vierdaagse<\/title>\n<meta name=\"robots\" content=\"index, follow, max-snippet:-1, max-image-preview:large, max-video-preview:-1\" \/>\n<link rel=\"canonical\" href=\"https:\/\/www.goudenkruisdragers.nl\/wp\/2025\/08\/23\/reunie-en-powered-by-gkd-tocht-in-ginneken-27-september\/\" \/>\n<meta property=\"og:locale\" content=\"de_DE\" \/>\n<meta property=\"og:type\" content=\"article\" \/>\n<meta property=\"og:title\" content=\"Re\u00fcnie en powered by GKD-tocht in Ginneken 27 september - Vereniging Gouden-Kruisdragers Vierdaagse\" \/>\n<meta property=\"og:url\" content=\"https:\/\/www.goudenkruisdragers.nl\/wp\/2025\/08\/23\/reunie-en-powered-by-gkd-tocht-in-ginneken-27-september\/\" \/>\n<meta property=\"og:site_name\" content=\"Vereniging Gouden-Kruisdragers Vierdaagse\" \/>\n<meta property=\"article:publisher\" content=\"http:\/\/www.facebook.com\/groups\/goudenkruisdragers\" \/>\n<meta property=\"article:published_time\" content=\"2025-08-23T07:38:40+00:00\" \/>\n<meta property=\"article:modified_time\" content=\"2025-08-23T07:41:27+00:00\" \/>\n<meta property=\"og:image\" content=\"https:\/\/www.goudenkruisdragers.nl\/wp\/wp-content\/uploads\/2025\/08\/20231007_144012-150x150.jpg\" \/>\n<meta name=\"author\" content=\"Frans Leijtens\" \/>\n<meta name=\"twitter:card\" content=\"summary_large_image\" \/>\n<meta name=\"twitter:label1\" content=\"Verfasst von\" \/>\n\t<meta name=\"twitter:data1\" content=\"Frans Leijtens\" \/>\n\t<meta name=\"twitter:label2\" content=\"Gesch\u00e4tzte Lesezeit\" \/>\n\t<meta name=\"twitter:data2\" content=\"4 Minuten\" \/>\n<script type=\"application\/ld+json\" class=\"yoast-schema-graph\">{\"@context\":\"https:\\\/\\\/schema.org\",\"@graph\":[{\"@type\":\"Article\",\"@id\":\"https:\\\/\\\/www.goudenkruisdragers.nl\\\/wp\\\/2025\\\/08\\\/23\\\/reunie-en-powered-by-gkd-tocht-in-ginneken-27-september\\\/#article\",\"isPartOf\":{\"@id\":\"https:\\\/\\\/www.goudenkruisdragers.nl\\\/wp\\\/2025\\\/08\\\/23\\\/reunie-en-powered-by-gkd-tocht-in-ginneken-27-september\\\/\"},\"author\":{\"name\":\"Frans Leijtens\",\"@id\":\"https:\\\/\\\/www.goudenkruisdragers.nl\\\/wp\\\/#\\\/schema\\\/person\\\/1ac30192e87f50b32d7367884372b649\"},\"headline\":\"Re\u00fcnie en powered by GKD-tocht in Ginneken 27 september\",\"datePublished\":\"2025-08-23T07:38:40+00:00\",\"dateModified\":\"2025-08-23T07:41:27+00:00\",\"mainEntityOfPage\":{\"@id\":\"https:\\\/\\\/www.goudenkruisdragers.nl\\\/wp\\\/2025\\\/08\\\/23\\\/reunie-en-powered-by-gkd-tocht-in-ginneken-27-september\\\/\"},\"wordCount\":668,\"publisher\":{\"@id\":\"https:\\\/\\\/www.goudenkruisdragers.nl\\\/wp\\\/#organization\"},\"articleSection\":[\"Geen categorie\"],\"inLanguage\":\"de-DE\"},{\"@type\":\"WebPage\",\"@id\":\"https:\\\/\\\/www.goudenkruisdragers.nl\\\/wp\\\/2025\\\/08\\\/23\\\/reunie-en-powered-by-gkd-tocht-in-ginneken-27-september\\\/\",\"url\":\"https:\\\/\\\/www.goudenkruisdragers.nl\\\/wp\\\/2025\\\/08\\\/23\\\/reunie-en-powered-by-gkd-tocht-in-ginneken-27-september\\\/\",\"name\":\"Re\u00fcnie en powered by GKD-tocht in Ginneken 27 september - Vereniging Gouden-Kruisdragers Vierdaagse\",\"isPartOf\":{\"@id\":\"https:\\\/\\\/www.goudenkruisdragers.nl\\\/wp\\\/#website\"},\"datePublished\":\"2025-08-23T07:38:40+00:00\",\"dateModified\":\"2025-08-23T07:41:27+00:00\",\"breadcrumb\":{\"@id\":\"https:\\\/\\\/www.goudenkruisdragers.nl\\\/wp\\\/2025\\\/08\\\/23\\\/reunie-en-powered-by-gkd-tocht-in-ginneken-27-september\\\/#breadcrumb\"},\"inLanguage\":\"de-DE\",\"potentialAction\":[{\"@type\":\"ReadAction\",\"target\":[\"https:\\\/\\\/www.goudenkruisdragers.nl\\\/wp\\\/2025\\\/08\\\/23\\\/reunie-en-powered-by-gkd-tocht-in-ginneken-27-september\\\/\"]}]},{\"@type\":\"BreadcrumbList\",\"@id\":\"https:\\\/\\\/www.goudenkruisdragers.nl\\\/wp\\\/2025\\\/08\\\/23\\\/reunie-en-powered-by-gkd-tocht-in-ginneken-27-september\\\/#breadcrumb\",\"itemListElement\":[{\"@type\":\"ListItem\",\"position\":1,\"name\":\"Home\",\"item\":\"https:\\\/\\\/www.goudenkruisdragers.nl\\\/wp\\\/\"},{\"@type\":\"ListItem\",\"position\":2,\"name\":\"Re\u00fcnie en powered by GKD-tocht in Ginneken 27 september\"}]},{\"@type\":\"WebSite\",\"@id\":\"https:\\\/\\\/www.goudenkruisdragers.nl\\\/wp\\\/#website\",\"url\":\"https:\\\/\\\/www.goudenkruisdragers.nl\\\/wp\\\/\",\"name\":\"Vereniging Gouden-Kruisdragers Vierdaagse\",\"description\":\"Het felbegeerde Gouden Vierdaagsekruis wordt uitgereikt aan diegenen die 10 keer succesvol de Nijmeegse Vierdaagse voltooien. Dat is wanneer je lid kunt worden van de Vereniging Gouden-Kruisdragers Vierdaagse.\",\"publisher\":{\"@id\":\"https:\\\/\\\/www.goudenkruisdragers.nl\\\/wp\\\/#organization\"},\"potentialAction\":[{\"@type\":\"SearchAction\",\"target\":{\"@type\":\"EntryPoint\",\"urlTemplate\":\"https:\\\/\\\/www.goudenkruisdragers.nl\\\/wp\\\/?s={search_term_string}\"},\"query-input\":{\"@type\":\"PropertyValueSpecification\",\"valueRequired\":true,\"valueName\":\"search_term_string\"}}],\"inLanguage\":\"de-DE\"},{\"@type\":\"Organization\",\"@id\":\"https:\\\/\\\/www.goudenkruisdragers.nl\\\/wp\\\/#organization\",\"name\":\"Vereniging Gouden-Kruisdragers Vierdaagse\",\"url\":\"https:\\\/\\\/www.goudenkruisdragers.nl\\\/wp\\\/\",\"logo\":{\"@type\":\"ImageObject\",\"inLanguage\":\"de-DE\",\"@id\":\"https:\\\/\\\/www.goudenkruisdragers.nl\\\/wp\\\/#\\\/schema\\\/logo\\\/image\\\/\",\"url\":\"https:\\\/\\\/www.goudenkruisdragers.nl\\\/wp\\\/wp-content\\\/uploads\\\/2015\\\/11\\\/cropped-Logo_kruisdragers_transpara.png\",\"contentUrl\":\"https:\\\/\\\/www.goudenkruisdragers.nl\\\/wp\\\/wp-content\\\/uploads\\\/2015\\\/11\\\/cropped-Logo_kruisdragers_transpara.png\",\"width\":512,\"height\":512,\"caption\":\"Vereniging Gouden-Kruisdragers Vierdaagse\"},\"image\":{\"@id\":\"https:\\\/\\\/www.goudenkruisdragers.nl\\\/wp\\\/#\\\/schema\\\/logo\\\/image\\\/\"},\"sameAs\":[\"http:\\\/\\\/www.facebook.com\\\/groups\\\/goudenkruisdragers\"]},{\"@type\":\"Person\",\"@id\":\"https:\\\/\\\/www.goudenkruisdragers.nl\\\/wp\\\/#\\\/schema\\\/person\\\/1ac30192e87f50b32d7367884372b649\",\"name\":\"Frans Leijtens\",\"url\":\"https:\\\/\\\/www.goudenkruisdragers.nl\\\/wp\\\/de\\\/author\\\/frans-gkd\\\/\"}]}<\/script>\n<!-- \/ Yoast SEO plugin. -->","yoast_head_json":{"title":"Re\u00fcnie en powered by GKD-tocht in Ginneken 27 september - Vereniging Gouden-Kruisdragers Vierdaagse","robots":{"index":"index","follow":"follow","max-snippet":"max-snippet:-1","max-image-preview":"max-image-preview:large","max-video-preview":"max-video-preview:-1"},"canonical":"https:\/\/www.goudenkruisdragers.nl\/wp\/2025\/08\/23\/reunie-en-powered-by-gkd-tocht-in-ginneken-27-september\/","og_locale":"de_DE","og_type":"article","og_title":"Re\u00fcnie en powered by GKD-tocht in Ginneken 27 september - Vereniging Gouden-Kruisdragers Vierdaagse","og_url":"https:\/\/www.goudenkruisdragers.nl\/wp\/2025\/08\/23\/reunie-en-powered-by-gkd-tocht-in-ginneken-27-september\/","og_site_name":"Vereniging Gouden-Kruisdragers Vierdaagse","article_publisher":"http:\/\/www.facebook.com\/groups\/goudenkruisdragers","article_published_time":"2025-08-23T07:38:40+00:00","article_modified_time":"2025-08-23T07:41:27+00:00","og_image":[{"url":"https:\/\/www.goudenkruisdragers.nl\/wp\/wp-content\/uploads\/2025\/08\/20231007_144012-150x150.jpg","type":"","width":"","height":""}],"author":"Frans Leijtens","twitter_card":"summary_large_image","twitter_misc":{"Verfasst von":"Frans Leijtens","Gesch\u00e4tzte Lesezeit":"4 Minuten"},"schema":{"@context":"https:\/\/schema.org","@graph":[{"@type":"Article","@id":"https:\/\/www.goudenkruisdragers.nl\/wp\/2025\/08\/23\/reunie-en-powered-by-gkd-tocht-in-ginneken-27-september\/#article","isPartOf":{"@id":"https:\/\/www.goudenkruisdragers.nl\/wp\/2025\/08\/23\/reunie-en-powered-by-gkd-tocht-in-ginneken-27-september\/"},"author":{"name":"Frans Leijtens","@id":"https:\/\/www.goudenkruisdragers.nl\/wp\/#\/schema\/person\/1ac30192e87f50b32d7367884372b649"},"headline":"Re\u00fcnie en powered by GKD-tocht in Ginneken 27 september","datePublished":"2025-08-23T07:38:40+00:00","dateModified":"2025-08-23T07:41:27+00:00","mainEntityOfPage":{"@id":"https:\/\/www.goudenkruisdragers.nl\/wp\/2025\/08\/23\/reunie-en-powered-by-gkd-tocht-in-ginneken-27-september\/"},"wordCount":668,"publisher":{"@id":"https:\/\/www.goudenkruisdragers.nl\/wp\/#organization"},"articleSection":["Geen categorie"],"inLanguage":"de-DE"},{"@type":"WebPage","@id":"https:\/\/www.goudenkruisdragers.nl\/wp\/2025\/08\/23\/reunie-en-powered-by-gkd-tocht-in-ginneken-27-september\/","url":"https:\/\/www.goudenkruisdragers.nl\/wp\/2025\/08\/23\/reunie-en-powered-by-gkd-tocht-in-ginneken-27-september\/","name":"Re\u00fcnie en powered by GKD-tocht in Ginneken 27 september - Vereniging Gouden-Kruisdragers Vierdaagse","isPartOf":{"@id":"https:\/\/www.goudenkruisdragers.nl\/wp\/#website"},"datePublished":"2025-08-23T07:38:40+00:00","dateModified":"2025-08-23T07:41:27+00:00","breadcrumb":{"@id":"https:\/\/www.goudenkruisdragers.nl\/wp\/2025\/08\/23\/reunie-en-powered-by-gkd-tocht-in-ginneken-27-september\/#breadcrumb"},"inLanguage":"de-DE","potentialAction":[{"@type":"ReadAction","target":["https:\/\/www.goudenkruisdragers.nl\/wp\/2025\/08\/23\/reunie-en-powered-by-gkd-tocht-in-ginneken-27-september\/"]}]},{"@type":"BreadcrumbList","@id":"https:\/\/www.goudenkruisdragers.nl\/wp\/2025\/08\/23\/reunie-en-powered-by-gkd-tocht-in-ginneken-27-september\/#breadcrumb","itemListElement":[{"@type":"ListItem","position":1,"name":"Home","item":"https:\/\/www.goudenkruisdragers.nl\/wp\/"},{"@type":"ListItem","position":2,"name":"Re\u00fcnie en powered by GKD-tocht in Ginneken 27 september"}]},{"@type":"WebSite","@id":"https:\/\/www.goudenkruisdragers.nl\/wp\/#website","url":"https:\/\/www.goudenkruisdragers.nl\/wp\/","name":"Vereniging Gouden-Kruisdragers Vierdaagse","description":"Het felbegeerde Gouden Vierdaagsekruis wordt uitgereikt aan diegenen die 10 keer succesvol de Nijmeegse Vierdaagse voltooien. Dat is wanneer je lid kunt worden van de Vereniging Gouden-Kruisdragers Vierdaagse.","publisher":{"@id":"https:\/\/www.goudenkruisdragers.nl\/wp\/#organization"},"potentialAction":[{"@type":"SearchAction","target":{"@type":"EntryPoint","urlTemplate":"https:\/\/www.goudenkruisdragers.nl\/wp\/?s={search_term_string}"},"query-input":{"@type":"PropertyValueSpecification","valueRequired":true,"valueName":"search_term_string"}}],"inLanguage":"de-DE"},{"@type":"Organization","@id":"https:\/\/www.goudenkruisdragers.nl\/wp\/#organization","name":"Vereniging Gouden-Kruisdragers Vierdaagse","url":"https:\/\/www.goudenkruisdragers.nl\/wp\/","logo":{"@type":"ImageObject","inLanguage":"de-DE","@id":"https:\/\/www.goudenkruisdragers.nl\/wp\/#\/schema\/logo\/image\/","url":"https:\/\/www.goudenkruisdragers.nl\/wp\/wp-content\/uploads\/2015\/11\/cropped-Logo_kruisdragers_transpara.png","contentUrl":"https:\/\/www.goudenkruisdragers.nl\/wp\/wp-content\/uploads\/2015\/11\/cropped-Logo_kruisdragers_transpara.png","width":512,"height":512,"caption":"Vereniging Gouden-Kruisdragers Vierdaagse"},"image":{"@id":"https:\/\/www.goudenkruisdragers.nl\/wp\/#\/schema\/logo\/image\/"},"sameAs":["http:\/\/www.facebook.com\/groups\/goudenkruisdragers"]},{"@type":"Person","@id":"https:\/\/www.goudenkruisdragers.nl\/wp\/#\/schema\/person\/1ac30192e87f50b32d7367884372b649","name":"Frans Leijtens","url":"https:\/\/www.goudenkruisdragers.nl\/wp\/de\/author\/frans-gkd\/"}]}},"_links":{"self":[{"href":"https:\/\/www.goudenkruisdragers.nl\/wp\/de\/wp-json\/wp\/v2\/posts\/13693","targetHints":{"allow":["GET"]}}],"collection":[{"href":"https:\/\/www.goudenkruisdragers.nl\/wp\/de\/wp-json\/wp\/v2\/posts"}],"about":[{"href":"https:\/\/www.goudenkruisdragers.nl\/wp\/de\/wp-json\/wp\/v2\/types\/post"}],"author":[{"embeddable":true,"href":"https:\/\/www.goudenkruisdragers.nl\/wp\/de\/wp-json\/wp\/v2\/users\/7"}],"replies":[{"embeddable":true,"href":"https:\/\/www.goudenkruisdragers.nl\/wp\/de\/wp-json\/wp\/v2\/comments?post=13693"}],"version-history":[{"count":2,"href":"https:\/\/www.goudenkruisdragers.nl\/wp\/de\/wp-json\/wp\/v2\/posts\/13693\/revisions"}],"predecessor-version":[{"id":13701,"href":"https:\/\/www.goudenkruisdragers.nl\/wp\/de\/wp-json\/wp\/v2\/posts\/13693\/revisions\/13701"}],"wp:attachment":[{"href":"https:\/\/www.goudenkruisdragers.nl\/wp\/de\/wp-json\/wp\/v2\/media?parent=13693"}],"wp:term":[{"taxonomy":"category","embeddable":true,"href":"https:\/\/www.goudenkruisdragers.nl\/wp\/de\/wp-json\/wp\/v2\/categories?post=13693"},{"taxonomy":"post_tag","embeddable":true,"href":"https:\/\/www.goudenkruisdragers.nl\/wp\/de\/wp-json\/wp\/v2\/tags?post=13693"}],"curies":[{"name":"wp","href":"https:\/\/api.w.org\/{rel}","templated":true}]}}